{"id":64,"date":"2021-03-29T22:11:15","date_gmt":"2021-03-29T20:11:15","guid":{"rendered":"https:\/\/dwunasty.wordpress.com\/?p=64"},"modified":"2024-03-02T12:46:06","modified_gmt":"2024-03-02T12:46:06","slug":"zasada-elastycznosci","status":"publish","type":"post","link":"https:\/\/dwunasty.blog\/?p=64","title":{"rendered":"Zasada elastyczno\u015bci"},"content":{"rendered":"\r\n<p class=\"has-text-align-justify\" style=\"text-align: justify;\">Zainspirowany pewnymi pozytywnymi komunikatami, kt\u00f3re otrzyma\u0142em od bliskich mi os\u00f3b postanowi\u0142em za\u0142o\u017cy\u0107 ten oto blog w takiej formie. Nie chodzi o to, \u017ce mam du\u017co wolnego czasu &#8211; chodzi o to, \u017ce <em>ten czas jest teraz<\/em>. Mo\u017cliwe, \u017ce mam co\u015b odkrywczego, czym mog\u0119 si\u0119 podzieli\u0107, cho\u0107 osobi\u015bcie uwa\u017cam, \u017ce wiele ju\u017c zosta\u0142o powiedziane. Problem jest z tym, \u017ceby to us\u0142ysze\u0107 i przyj\u0105\u0107 jako o\u015bwiecenie. <em>Mo\u017cna s\u0142ucha\u0107, ale nie s\u0142ysze\u0107 &#8211; mo\u017cna patrze\u0107, ale nie widzie\u0107 &#8211; mo\u017cna czyta\u0107, ale nie rozumie\u0107<\/em>. Z poziomu pomys\u0142u wszystko wydawa\u0142o si\u0119 proste. Pierwszy wpis ju\u017c mia\u0142em w g\u0142owie, tak jak cz\u0119sto g\u0119sto bywam w przysz\u0142o\u015bci. Wi\u0119kszo\u015b\u0107 swojego \u017cycia sp\u0119dzanego w przesz\u0142o\u015bci, b\u0105d\u017a przysz\u0142o\u015bci &#8211; to zabiera mnie od faktu, \u017ce wtedy i tam, b\u0105d\u017a tam i wtedy by\u0142o, b\u0105d\u017a b\u0119dzie w\u0142a\u015bnie <strong>teraz<\/strong>. Widzisz jak Ci\u0119 szarpn\u0105\u0142em w ty\u0142 i w prz\u00f3d? Wracaj\u0105c do w\u0105tku to uda\u0142o mi si\u0119 odnale\u017a\u0107 na takiej platformie jak <em>wordpress.com<\/em>, co\u015b co wydawa\u0142o mi si\u0119 abstrakcj\u0105 &#8211; ja pisz\u0105cy bloga. Faktem, kt\u00f3ry chc\u0119 tutaj zostawi\u0107 jest to, \u017ce traktowa\u0142em to jako banalnie proste, ot kilka klikni\u0119\u0107 i gotowe! Zacz\u0105\u0142em o 15:00, a o 21:30 pisz\u0119 pierwszy wpis. Kiedy\u015b bym si\u0119 mocno zirytowa\u0142 i porzuci\u0142 swoje dotychczasowe dzia\u0142anie w tej kwestii z du\u017c\u0105 frustracj\u0105, twierdz\u0105c, \u017ce to nie ze mn\u0105 jest problem tylko z tymi internetami. Kiedy\u015b ka\u017cdy problem traktowa\u0142em jako \u015bcian\u0119 nie do przej\u015bcia. Dzi\u015b jest inaczej. \u015awietnie si\u0119 bawi\u0142em stawiaj\u0105c kroczek po kroczku przy tworzeniu tej strony, obserwuj\u0105c jak intuicyjne s\u0105 tutaj narz\u0119dzia i czerpi\u0105c rado\u015b\u0107, gdy odnalaz\u0142em \u0142atwo\u015b\u0107 w u\u017cytkowaniu i administrowaniu strony.<\/p>\r\n\r\n\r\n\r\n<p class=\"has-text-align-center\" style=\"text-align: justify;\">To moje spojrzenie na \u015bwie\u017co, zobaczymy jak b\u0119dzie z czasem.<\/p>\r\n\r\n\r\n\r\n<p class=\"has-text-align-justify\" style=\"text-align: justify;\">To jest w\u0142a\u015bnie ta zmiana, dokona\u0142em czego\u015b w odpowiedzi na &#8222;je\u015bli nie teraz to kiedy?&#8221;. M\u00f3g\u0142bym jak kiedy\u015b gdyba\u0107 le\u017c\u0105c i my\u015ble\u0107 co by by\u0142o gdyby, odk\u0142adaj\u0105c to w niesko\u0144czono\u015b\u0107. Przychodzi czasem pewien impuls z wewn\u0105trz, pewne tchnienie, intuicja, kt\u00f3ra kre\u015bli szkic, popycha mnie do dzia\u0142ania i realizacji, \u017ce to jest to &#8222;co\u015b&#8221;. To jest ta elastyczno\u015b\u0107, zmiana formy z ustnej na pisan\u0105. Prowadzenie blog\u00f3w zamiast dziennika. Zdaj\u0119 sobie fakt, \u017ce to r\u00f3wnie\u017c mo\u017ce by\u0107 pewn\u0105 form\u0105 archaiczn\u0105 ju\u017c,. Tak, mam swoje lata. Dla mnie to jest niewyobra\u017calny skok technologiczny. A wi\u0119c skoro jeste\u015bmy przy moim pierwszym wpisie podziel\u0119 si\u0119 uczciwie co mn\u0105 kieruj\u0119:<\/p>\r\n\r\n\r\n\r\n<ol class=\"wp-block-list\" style=\"text-align: justify;\">\r\n<li>Praktykowanie zaanga\u017cowania w prowadzenie strony i dokonywania wpis\u00f3w.<\/li>\r\n<li>Wyj\u015bcie ze strefy intymnej, prywatnej do strefy publicznej.<\/li>\r\n<li>Mo\u017cliwo\u015b\u0107 powracania do tych wpis\u00f3w, kt\u00f3re tutaj b\u0119d\u0119 zamieszcza\u0142 i afirmowania nad poruszonymi zagadnieniami za jaki\u015b czas.<\/li>\r\n<li>Dbanie, o to, \u017cebym by\u0142 uczciwy przede wszystkim wobec siebie i nie kreowa\u0142 swojego wizerunku karmi\u0105c swoje ego.<\/li>\r\n<li>Odpowied\u017a na ciep\u0142e s\u0142owa, bez kt\u00f3rych nie pochyli\u0142bym nad t\u0105 form\u0105. Korzystam z facebooka w takiej formie, \u017ce nie obserwuj\u0119 \u017cadnego ze swoich znajomych. Dzi\u0119ki temu, mog\u0119 z uwa\u017cno\u015bci\u0105 czasem zajrze\u0107 do kogo\u015b, gdy o nim pomy\u015bl\u0119 b\u0105d\u017a zat\u0119skni\u0119. Staram si\u0119 stosowa\u0107 zasad\u0119 umiaru w mediach spo\u0142eczno\u015bciowych, uzna\u0142em, \u017ce taka strona by mnie poch\u0142on\u0119\u0142a znacznie bardziej ni\u017c blog.<\/li>\r\n<li>Zainspirowa\u0142y mnie blogi moich znajomych, kt\u00f3rzy niestety zaniechali swojej pracy.<\/li>\r\n<li>Pisanie oraz obr\u00f3bka tekstu, wierz\u0119, \u017ce zaowocuje mi to podczas przygotowywania prac na uczelni\u0119.<\/li>\r\n<li>Uczenie si\u0119 uwypuklania istotnych tre\u015bci, kt\u00f3re mam faktycznie do przekazania, podzielenia. (To chyba jest najwa\u017cniejsze, a jest wypunktowane jako \u00f3sme.)<\/li>\r\n<\/ol>\r\n\r\n\r\n\r\n<p class=\"has-text-align-justify\" style=\"text-align: justify;\">Na stronie &#8222;<a href=\"https:\/\/dwunasty.blog\/?page_id=9\" target=\"_blank\" rel=\"noopener\">o mnie<\/a>&#8221; znajdziecie sporo istotnych informacji sk\u0105d si\u0119 wzi\u0105\u0142em i w jakim kierunku b\u0119d\u0119 stara\u0142 si\u0119 prowadzi\u0107 ten oto blog. Z do\u015bwiadczenia wiem, \u017ce przebudzenia duchowe s\u0105 zara\u017aliwe dlatego wierz\u0119, \u017ce kt\u00f3rym\u015b wpisem mo\u017ce kogo\u015b przebudz\u0119, a przede wszystkim nie skrzywdz\u0119. Zasad\u0119 elastyczno\u015bci praktykuj\u0119 wraz z zasad\u0105 akceptacji, otwarto\u015bci umys\u0142u oraz uwa\u017cno\u015bci. Bior\u0119 \u017cycie takie jakie jest, trudno\u015bci rozwi\u0105zuj\u0119 korzystaj\u0105c z posiadanych narz\u0119dzi, przesz\u0142o\u015b\u0107 i przysz\u0142o\u015b\u0107 elastycznie spinam do tera\u017aniejszo\u015bci, \u017cyj\u0119 <strong>w\u0142a\u015bnie dzisiaj<\/strong>.<\/p>\r\n\r\n\r\n\r\n<p class=\"has-text-align-center\" style=\"text-align: justify;\">Gdyby nie by\u0142o iluzji, nie by\u0142oby prawdy.<\/p>\r\n\r\n\r\n\r\n<p class=\"has-text-align-left\" style=\"text-align: justify;\">Obecnie czytam: <strong>Pot\u0119ga tera\u017aniejszo\u015bci \u2013\u00a0<\/strong>Eckhart Tolle.<\/p>\r\n","protected":false},"excerpt":{"rendered":"<p>Zainspirowany pewnymi pozytywnymi komunikatami, kt\u00f3re otrzyma\u0142em od bliskich mi os\u00f3b postanowi\u0142em za\u0142o\u017cy\u0107 ten oto blog w takiej formie. Nie chodzi o to, \u017ce mam du\u017co wolnego czasu &#8211; chodzi o to, \u017ce ten czas jest teraz. Mo\u017cliwe, \u017ce mam co\u015b odkrywczego, czym mog\u0119 si\u0119 podzieli\u0107, cho\u0107 osobi\u015bcie uwa\u017cam, \u017ce wiele ju\u017c zosta\u0142o powiedziane. Problem jest&#8230;<\/p>\n","protected":false},"author":1,"featured_media":77,"comment_status":"open","ping_status":"open","sticky":false,"template":"","format":"standard","meta":{"om_disable_all_campaigns":false,"_monsterinsights_skip_tracking":false,"_monsterinsights_sitenote_active":false,"_monsterinsights_sitenote_note":"","_monsterinsights_sitenote_category":0,"jetpack_post_was_ever_published":false,"_jetpack_newsletter_access":"","_jetpack_dont_email_post_to_subs":false,"_jetpack_newsletter_tier_id":0,"_jetpack_memberships_contains_paywalled_content":false,"_jetpack_memberships_contains_paid_content":false,"footnotes":"","jetpack_publicize_message":"","jetpack_publicize_feature_enabled":true,"jetpack_social_post_already_shared":false,"jetpack_social_options":{"image_generator_settings":{"template":"highway","default_image_id":0,"font":"","enabled":false},"version":2}},"categories":[15],"tags":[16,52,64,67,69,108,162,171,182,198,224,286],"class_list":["post-64","post","type-post","status-publish","format-standard","has-post-thumbnail","hentry","category-zasada-duchowa","tag-16","tag-duchowosc","tag-elastycznosc","tag-etyka","tag-filozofia","tag-na","tag-samoswiadomosc","tag-start","tag-terazniejszosc","tag-uzaleznienie","tag-zdrowienie","tag-tu-i-teraz"],"aioseo_notices":[],"jetpack_publicize_connections":[],"jetpack_featured_media_url":"https:\/\/i0.wp.com\/dwunasty.blog\/wp-content\/uploads\/2021\/03\/fb_img_1617079736372-e1709382494545.jpg?fit=300%2C400&ssl=1","jetpack-related-posts":[],"jetpack_sharing_enabled":true,"_links":{"self":[{"href":"https:\/\/dwunasty.blog\/index.php?rest_route=\/wp\/v2\/posts\/64","targetHints":{"allow":["GET"]}}],"collection":[{"href":"https:\/\/dwunasty.blog\/index.php?rest_route=\/wp\/v2\/posts"}],"about":[{"href":"https:\/\/dwunasty.blog\/index.php?rest_route=\/wp\/v2\/types\/post"}],"author":[{"embeddable":true,"href":"https:\/\/dwunasty.blog\/index.php?rest_route=\/wp\/v2\/users\/1"}],"replies":[{"embeddable":true,"href":"https:\/\/dwunasty.blog\/index.php?rest_route=%2Fwp%2Fv2%2Fcomments&post=64"}],"version-history":[{"count":3,"href":"https:\/\/dwunasty.blog\/index.php?rest_route=\/wp\/v2\/posts\/64\/revisions"}],"predecessor-version":[{"id":1551,"href":"https:\/\/dwunasty.blog\/index.php?rest_route=\/wp\/v2\/posts\/64\/revisions\/1551"}],"wp:featuredmedia":[{"embeddable":true,"href":"https:\/\/dwunasty.blog\/index.php?rest_route=\/wp\/v2\/media\/77"}],"wp:attachment":[{"href":"https:\/\/dwunasty.blog\/index.php?rest_route=%2Fwp%2Fv2%2Fmedia&parent=64"}],"wp:term":[{"taxonomy":"category","embeddable":true,"href":"https:\/\/dwunasty.blog\/index.php?rest_route=%2Fwp%2Fv2%2Fcategories&post=64"},{"taxonomy":"post_tag","embeddable":true,"href":"https:\/\/dwunasty.blog\/index.php?rest_route=%2Fwp%2Fv2%2Ftags&post=64"}],"curies":[{"name":"wp","href":"https:\/\/api.w.org\/{rel}","templated":true}]}}