{"id":1735,"date":"2024-08-14T08:48:27","date_gmt":"2024-08-14T08:48:27","guid":{"rendered":"https:\/\/dwunasty.blog\/?p=1735"},"modified":"2024-09-03T16:45:12","modified_gmt":"2024-09-03T16:45:12","slug":"historia-osobista-4","status":"publish","type":"post","link":"https:\/\/dwunasty.blog\/?p=1735","title":{"rendered":"Historia osobista"},"content":{"rendered":"<p style=\"text-align: justify;\">Cze\u015b\u0107, mam na imi\u0119 Pawe\u0142 i jestem osob\u0105 uzale\u017cnion\u0105. Ca\u0142kiem niedawno obchodzi\u0142em swoj\u0105 pi\u0105t\u0105 rocznic\u0119<br \/>\nczysto\u015bci.<\/p>\n<p style=\"text-align: justify;\">Chcia\u0142bym si\u0119 z Wami podzieli\u0107 si\u0142\u0105, nadziej\u0105 i tym, co zyska\u0142em dzi\u0119ki temu, \u017ce jestem czysty. Zaczn\u0119 natomiast od pocz\u0105tku. Pochodz\u0119 z rodziny dysfunkcyjnej, gdzie nadu\u017cywanie by\u0142o <em>\u201enormaln\u0105\u201d<\/em> cz\u0119\u015bci\u0105 mojego dzieci\u0144stwa \u2013 by\u0142 alkohol\/pracoholizm. Razem z moj\u0105 mam\u0105 i bratem, w wieku 8 lat, przeprowadzi\u0142em si\u0119 do innego miasta, kt\u00f3re, notabene, nie lubi\u0142o si\u0119 z moim rodzinnym miastem. W szkole od pocz\u0105tku mia\u0142em walk\u0119 o przetrwanie; przez 4 lata podstaw\u00f3wki walczy\u0142em o swoj\u0105 pozycj\u0119, raczej z miern\u0105 skuteczno\u015bci\u0105. W gimnazjum wiele si\u0119 zmieni\u0142o \u2013 pojawi\u0142y si\u0119 pierwsze narkotyki, alkohol, imprezy, a z nimi <em>\u201enowe, lepsze\u201d<\/em> grupy r\u00f3wie\u015bnik\u00f3w. Tak my\u015bla\u0142em przez znaczn\u0105 cz\u0119\u015b\u0107 mojego \u017cycia. Czu\u0142em, \u017ce p\u0142yn\u0119 z tym nastoletnim \u017cyciem i wszystko zaczyna si\u0119 dobrze uk\u0142ada\u0107. W wieku 15 lat pozna\u0142em dzi\u015b ju\u017c mam\u0119 mojego syna, ale do tego wr\u00f3c\u0119 p\u00f3\u017aniej. W tamtym czasie nie czu\u0142em, \u017ce zaczynam odwzorowywa\u0107 schematy uzale\u017cnienia moich rodzic\u00f3w \u2013 mojego taty czy mamy. Od zawsze by\u0142em w tej rodzinie kim\u015b, kto wszed\u0142 w rol\u0119 ratownika rodziny, a wi\u0119c jak m\u00f3g\u0142bym pomy\u015ble\u0107, \u017ce taki tryb \u017cycia (imprezy, dragi) mnie zgubi. O, ironio.<\/p>\n<p style=\"text-align: justify;\">Zanim sko\u0144czy\u0142em 18 lat, wyjecha\u0142em pierwszy raz za\u00a0 granic\u0119. Wiecie, co czu\u0142em? WOLNO\u015a\u0106! Teraz mog\u0142em zaj\u0105\u0107 si\u0119 sob\u0105. Problem polega\u0142 na tym, \u017ce nie by\u0142em ju\u017c wolnym, a zniewolonym przez za\u017cywanie, tylko dopiero dzi\u015b wiem, jak bardzo \u2013 wtedy w og\u00f3le tego nie czu\u0142em. Tydzie\u0144 za tygodniem, miesi\u0105c za miesi\u0105cem, a\u017c w ko\u0144cu przyszed\u0142 ten okres, kt\u00f3ry mocno zdefiniowa\u0142 mnie jako kogo\u015b, kto za za\u017cywanie zrobi\u0142 sobie spos\u00f3b na \u017cycie. To by\u0142 moment, w kt\u00f3rym ostatni raz pomog\u0142em mojemu tacie wyj\u015b\u0107 z czynnego alkoholizmu. \u015aci\u0105gn\u0105\u0142em go do siebie i si\u0119 nim opiekowa\u0142em (praca, dom, etc.). Od tamtej pory nic ju\u017c nie by\u0142o takie samo. Droga w d\u00f3\u0142 trwa\u0142a przez najbli\u017csze 7 lat. Nie b\u0119d\u0119 si\u0119 rozprawia\u0142 z tym, jak to by\u0142o przez ten czas, bo nie jest to ani wyj\u0105tkowa historia, ani te\u017c do chwalenia si\u0119. Chcia\u0142em tylko przybli\u017cy\u0107 i te\u017c przypomnie\u0107 sobie pisz\u0105c to, gdzie by\u0142em.<\/p>\n<p style=\"text-align: justify;\">Tak wi\u0119c droga, na kt\u00f3rej si\u0119 znajdowa\u0142em, doprowadzi\u0142a mnie do straty rodziny w ka\u017cdym aspekcie \u2013 tej, w kt\u00f3rej si\u0119 urodzi\u0142em, i tej, kt\u00f3r\u0105 stworzy\u0142em, ale przede wszystkim do straty siebie.<\/p>\n<p style=\"text-align: justify;\">Postaram si\u0119 kr\u00f3tko opisa\u0107, jak to si\u0119 sta\u0142o, \u017ce w og\u00f3le trafi\u0142em do miejsca, gdzie podj\u0105\u0142em decyzj\u0119 o zmianie. Koniec czerwca, chwil\u0119 po urodzinach mojego syna, kt\u00f3ry ju\u017c by\u0142 beze mnie, wraz ze swoj\u0105 mam\u0105. By\u0142em na skraju wytrzyma\u0142o\u015bci w ci\u0105gu narkotykowym. Podj\u0105\u0142em decyzj\u0119, \u017ce \u015bwiadomie przedawkuj\u0119 \u2013 to by\u0142 trudny stan. Pami\u0119tam, jakby to by\u0142o wczoraj, \u017ce by\u0142em sam w domu i nie mog\u0142em si\u0119 docz\u0142apa\u0107 do sypialni z salonu, a kiedy ju\u017c dotar\u0142em, zacz\u0105\u0142em si\u0119 trz\u0105\u015b\u0107 i poci\u0107. Serce mia\u0142o si\u0119 zatrzyma\u0107, ale co\u015b mnie natchn\u0119\u0142o i powiedzia\u0142em: <em>\u201eBo\u017ce, nie chc\u0119 umiera\u0107\u201d<\/em>. Nast\u0119pnego dnia podj\u0105\u0142em decyzj\u0119, \u017ce wracam do Polski, a wr\u0119cz uciekam. To by\u0142a si\u0142a, kt\u00f3rej do dzi\u015b nie rozumiem.<\/p>\n<p style=\"text-align: justify;\">Za chwil\u0119 b\u0119dzie ju\u017c tylko weselej i przyjemniej. Obiecuj\u0119.<\/p>\n<p style=\"text-align: justify;\">Gdy wr\u00f3ci\u0142em do Polski, nie mia\u0142em gdzie mieszka\u0107. Na szcz\u0119\u015bcie moja kole\u017canka (\u017cona mojego dilera) wysz\u0142a mi z pomoc\u0105 i to by\u0142 absolutny <em>game-changer<\/em>. Do dzi\u015b jestem ogromnie wdzi\u0119czny. Najpewniej gdyby nie ona, inaczej mog\u0142yby potoczy\u0107 si\u0119 moje losy. Pierwszy dzie\u0144 czysto\u015bci pami\u0119tam jako kompletny chaos. Zosta\u0142em sam w mieszkaniu mojej kole\u017canki, chodzi\u0142em po pokoju ca\u0142y w emocjach i z pytaniami, co teraz mam zrobi\u0107. Wtedy zn\u00f3w poprosi\u0142em Boga\/Sil\u0119 Wy\u017csz\u0105, by wskaza\u0142a mi drog\u0119. Dos\u0142ownie kwadrans p\u00f3\u017aniej zasn\u0105\u0142em, a gdy si\u0119 obudzi\u0142em, jak zaprogramowany, zacz\u0105\u0142em dzia\u0142a\u0107. Par\u0119 dni p\u00f3\u017aniej trafi\u0142em na sw\u00f3j pierwszy miting z kumplem ze szko\u0142y, z tej samej klasy gimnazjalnej. Dajecie wiar\u0119? Si\u0142a Wy\u017csza umie w czary mary, haha.<\/p>\n<p style=\"text-align: justify;\">Dzi\u0119ki Wsp\u00f3lnocie pierwszy miesi\u0105c, kt\u00f3ry by\u0142 obfity w g\u0142ody fizyczne i emocjonalne, przeszed\u0142em ten czas najlepiej. Nie wr\u00f3ci\u0142em do za\u017cywania, bo w ko\u0144cu czu\u0142em si\u0119 prawdziw\u0105 cz\u0119\u015bci\u0105 spo\u0142eczno\u015bci, a nie tylko sam sobie. Mog\u0142em dzwoni\u0107 i m\u00f3wi\u0107, co u mnie, i nikt nie traktowa\u0142 mnie jak wariata. Dawali sugestie, cenne wskaz\u00f3wki, cho\u0107by to, \u017cebym pi\u0142 du\u017co wody i traktowa\u0142 ten g\u0142\u00f3d jako co\u015b, co trzeba przej\u015b\u0107 raz na zawsze, a gdy si\u0119 z nim uporam, to rano wstan\u0119 jak m\u0142ody B\u00f3g. I faktycznie tak by\u0142o, dzi\u0119ki temu wzrasta\u0142o moje zaufanie do tych ludzi.<\/p>\n<p style=\"text-align: justify;\">Okres na chmurce trwa\u0142 do chwili, w kt\u00f3rej zda\u0142em sobie spraw\u0119, \u017ce straci\u0142em rodzin\u0119 bezpowrotnie. To by\u0142o dos\u0142ownie na dzie\u0144 przed rozwodem. Po raz kolejny chcia\u0142em sko\u0144czy\u0107 \u017cywot, ale si\u0119 nie uda\u0142o. Trafi\u0142em do szpitala na miesi\u0105c czasu i zn\u00f3w mam poczucie, \u017ce Si\u0142a Wy\u017csza uratowa\u0142a mi po raz kolejny \u017cycie, kt\u00f3rego nie docenia\u0142em poprzez zbytnie skupienie si\u0119 na stratach i braku wzi\u0119cia odpowiedzialno\u015bci za czynne uzale\u017cnienie, ale nie by\u0142em wtedy gotowy.<\/p>\n<p style=\"text-align: justify;\">W taki o to spos\u00f3b nauczy\u0142em si\u0119, \u017ce musz\u0119 wzi\u0105\u0107 odpowiedzialno\u015b\u0107 za to, co si\u0119 dzia\u0142o w czynnym uzale\u017cnieniu, i i\u015b\u0107 do przodu. Pierwsze dwa lata zdrowienia czu\u0142em, \u017ce b\u0142\u0105dzi\u0142em \u2013 obsesje, nowe relacje, objadanie si\u0119 i ca\u0142a gama destrukcyjnych zachowa\u0144 przeplatana z ja\u015bniejsz\u0105 i ciep\u0142\u0105 stron\u0105 zdrowienia oraz ch\u0119ci\u0105 posiadania tego, co mieli ludzie z miting\u00f3w \u2013 motywacj\u0119, taki kopa w ty\u0142ek, bo przecie\u017c \u017cycie mam tylko jedno.<\/p>\n<p style=\"text-align: justify;\">Chwil\u0119 po drugiej rocznicy czysto\u015bci podj\u0105\u0142em kolejn\u0105 decyzj\u0119, \u017ce do\u015b\u0107 brodzenia w chorobie \u2013 czas wzi\u0105\u0107 si\u0119 za siebie. Czu\u0142em si\u0119 na tyle stabilnie, \u017ce znalaz\u0142em co\u015b, co da mi rado\u015b\u0107 z \u017cycia. Zacz\u0105\u0142em biega\u0107. 115 kg na wadze, ale to nic. Kilogramy lecia\u0142y w d\u00f3\u0142, a ja zyskiwa\u0142em pewno\u015b\u0107 siebie i moc sprawczo\u015bci w swoim \u017cyciu. To jest kolejna rzecz, kt\u00f3r\u0105 dosta\u0142em dzi\u0119ki wsp\u00f3lnocie \u2013 odkry\u0142em, \u017ce robi\u0105c co\u015b dobrego dla siebie, mam wp\u0142yw nie tylko na wygl\u0105d, ale tak\u017ce na samopoczucie. Oczywi\u015bcie, nie jest tak, \u017ce by\u0142o cukierkowo \u2013 choroby uzale\u017cnienia nie wylecz\u0119, ale z pewno\u015bci\u0105 spowolni\u0142em jej rozw\u00f3j. Tak te\u017c si\u0119 dzia\u0142o. Regularno\u015b\u0107, branie odpowiedzialno\u015bci za siebie doprowadzi\u0142y mnie do punktu, w kt\u00f3rym Si\u0142a Wy\u017csza da\u0142a mi kolejne zadanie \u2013 sp\u0142aci\u0107 swoje d\u0142ugi. Oj, musieliby\u015bcie widzie\u0107 moje przera\u017cenie, kiedy zacz\u0119li do mnie dzwoni\u0107 i pisa\u0107 komornicy. Na szcz\u0119\u015bcie dzi\u0119ki przyjacio\u0142om zrozumia\u0142em, \u017ce nie musz\u0119 si\u0119 ba\u0107 \u2013 \u017ce to jest na jaki\u015b czas i za chwil\u0119 tego nie b\u0119dzie.<\/p>\n<p style=\"text-align: justify;\">Przetrwa\u0142em p\u00f3\u0142torej roku kolejnego brania odpowiedzialno\u015bci za swoje \u017cycie. I to jest ten moment, w kt\u00f3rym mog\u0119 wr\u00f3ci\u0107 do s\u0142owa WOLNO\u015a\u0106. Im wi\u0119cej odpowiedzialno\u015bci, tym wi\u0119cej wolno\u015bci. Nikt a\u017c tak bardzo w namacalny spos\u00f3b, jak Si\u0142a Wy\u017csza, nie pokaza\u0142 mi, \u017ce drog\u0105 do mojej wolno\u015bci jest odpowiedzialno\u015b\u0107.<\/p>\n<p style=\"text-align: justify;\">Dzi\u015b, pisz\u0105c to i ko\u0144cz\u0105c, chc\u0119 wyrazi\u0107 wdzi\u0119czno\u015b\u0107, \u017ce mog\u0119 \u017cy\u0107 na nowo bez za\u017cywania narkotyk\u00f3w, zwiedza\u0107 \u015bwiat, trenowa\u0107 bieganie, chodzi\u0107 po g\u00f3rach i \u017ce mog\u0119 si\u0119 tym podzieli\u0107 z Wami.<\/p>\n<p style=\"text-align: justify;\">Czuj\u0119 dum\u0119 z wielu rzeczy. Przebieg\u0142em maraton, zdoby\u0142em najwy\u017cszy szczyt w Polsce, Rysy, a najwa\u017cniejsza duma, jak\u0105 czuj\u0119, to bycie ojcem, kt\u00f3ry jest \u015bwiadomy tego, kim jest. A to wszystko dzi\u0119ki temu, \u017ce jestem CZYSTY.<\/p>\n<p style=\"text-align: right;\"><strong>Pawe\u0142<\/strong>, zdrowiej\u0105cy Uzale\u017cniony. &#x1f340;<\/p>\n","protected":false},"excerpt":{"rendered":"<p>Cze\u015b\u0107, mam na imi\u0119 Pawe\u0142 i jestem osob\u0105 uzale\u017cnion\u0105. Ca\u0142kiem niedawno obchodzi\u0142em swoj\u0105 pi\u0105t\u0105 rocznic\u0119 czysto\u015bci. Chcia\u0142bym si\u0119 z Wami podzieli\u0107 si\u0142\u0105, nadziej\u0105 i tym, co zyska\u0142em dzi\u0119ki temu, \u017ce jestem czysty. Zaczn\u0119 natomiast od pocz\u0105tku. Pochodz\u0119 z rodziny dysfunkcyjnej, gdzie nadu\u017cywanie by\u0142o \u201enormaln\u0105\u201d cz\u0119\u015bci\u0105 mojego dzieci\u0144stwa \u2013 by\u0142 alkohol\/pracoholizm. Razem z moj\u0105 mam\u0105 i&#8230;<\/p>\n","protected":false},"author":1,"featured_media":1736,"comment_status":"open","ping_status":"open","sticky":false,"template":"","format":"standard","meta":{"om_disable_all_campaigns":false,"_monsterinsights_skip_tracking":false,"_monsterinsights_sitenote_active":false,"_monsterinsights_sitenote_note":"","_monsterinsights_sitenote_category":0,"jetpack_post_was_ever_published":false,"_jetpack_newsletter_access":"","_jetpack_dont_email_post_to_subs":false,"_jetpack_newsletter_tier_id":0,"_jetpack_memberships_contains_paywalled_content":false,"_jetpack_memberships_contains_paid_content":false,"footnotes":"","jetpack_publicize_message":"","jetpack_publicize_feature_enabled":true,"jetpack_social_post_already_shared":true,"jetpack_social_options":{"image_generator_settings":{"template":"highway","default_image_id":0,"font":"","enabled":false},"version":2}},"categories":[10,306,12,307,308],"tags":[16,75,104,127,157,164,198,215,224],"class_list":["post-1735","post","type-post","status-publish","format-standard","has-post-thumbnail","hentry","category-historia-osobista","category-nowoprzybyly-2","category-relacje","category-rocznica","category-sila-wyzsza","tag-16","tag-historia","tag-mitingi","tag-osobista","tag-rocznica","tag-sila","tag-uzaleznienie","tag-wyzsza","tag-zdrowienie"],"aioseo_notices":[],"jetpack_publicize_connections":[],"jetpack_featured_media_url":"https:\/\/i0.wp.com\/dwunasty.blog\/wp-content\/uploads\/2024\/08\/ai-generated-8708404_1280.jpg?fit=768%2C438&ssl=1","jetpack-related-posts":[],"jetpack_sharing_enabled":true,"_links":{"self":[{"href":"https:\/\/dwunasty.blog\/index.php?rest_route=\/wp\/v2\/posts\/1735","targetHints":{"allow":["GET"]}}],"collection":[{"href":"https:\/\/dwunasty.blog\/index.php?rest_route=\/wp\/v2\/posts"}],"about":[{"href":"https:\/\/dwunasty.blog\/index.php?rest_route=\/wp\/v2\/types\/post"}],"author":[{"embeddable":true,"href":"https:\/\/dwunasty.blog\/index.php?rest_route=\/wp\/v2\/users\/1"}],"replies":[{"embeddable":true,"href":"https:\/\/dwunasty.blog\/index.php?rest_route=%2Fwp%2Fv2%2Fcomments&post=1735"}],"version-history":[{"count":3,"href":"https:\/\/dwunasty.blog\/index.php?rest_route=\/wp\/v2\/posts\/1735\/revisions"}],"predecessor-version":[{"id":1746,"href":"https:\/\/dwunasty.blog\/index.php?rest_route=\/wp\/v2\/posts\/1735\/revisions\/1746"}],"wp:featuredmedia":[{"embeddable":true,"href":"https:\/\/dwunasty.blog\/index.php?rest_route=\/wp\/v2\/media\/1736"}],"wp:attachment":[{"href":"https:\/\/dwunasty.blog\/index.php?rest_route=%2Fwp%2Fv2%2Fmedia&parent=1735"}],"wp:term":[{"taxonomy":"category","embeddable":true,"href":"https:\/\/dwunasty.blog\/index.php?rest_route=%2Fwp%2Fv2%2Fcategories&post=1735"},{"taxonomy":"post_tag","embeddable":true,"href":"https:\/\/dwunasty.blog\/index.php?rest_route=%2Fwp%2Fv2%2Ftags&post=1735"}],"curies":[{"name":"wp","href":"https:\/\/api.w.org\/{rel}","templated":true}]}}