{"id":1716,"date":"2024-03-22T21:11:24","date_gmt":"2024-03-22T21:11:24","guid":{"rendered":"https:\/\/dwunasty.blog\/?p=1716"},"modified":"2024-09-03T16:51:05","modified_gmt":"2024-09-03T16:51:05","slug":"dary-zdrowienia-podroze","status":"publish","type":"post","link":"https:\/\/dwunasty.blog\/?p=1716","title":{"rendered":"Dary zdrowienia &#8211; podr\u00f3\u017ce"},"content":{"rendered":"<p style=\"text-align: justify;\">Podr\u00f3\u017ce zawsze by\u0142y wa\u017cn\u0105 cz\u0119\u015bci\u0105 mojego \u017cycia. Paradoksalnie w ostatnim roku swojego czynnego uzale\u017cnienia na wakacje wyje\u017cd\u017ca\u0142am co dwa miesi\u0105ce, niestety wi\u0119kszo\u015b\u0107 wyjazd\u00f3w mam wyci\u0119tych z pami\u0119ci. Kiedy\u015b podr\u00f3\u017ce by\u0142y ucieczk\u0105 od \u017cycia, kt\u00f3re prowadzi\u0142am i dawa\u0142y z\u0142udne poczucie, \u017ce sobie radz\u0119. Patrz\u0105c z perspektywy czasu podr\u00f3\u017c by\u0142a &#8222;dodatkiem&#8221;. Zwyk\u0142a chwilowa zmiana miejsca, w kt\u00f3rym za\u017cywa\u0142am.<\/p>\n<p style=\"text-align: justify;\">Na swoj\u0105 pierwsz\u0105 d\u0142ug\u0105 podr\u00f3\u017c zdecydowa\u0142am si\u0119 po 14 miesi\u0105cach zdrowienia. Podr\u00f3\u017ce, przynajmniej na pocz\u0105tku, by\u0142y dla mnie du\u017cym wyzwalaczem, dlatego postanowi\u0142am poczeka\u0107 z tak wa\u017cnym wyjazdem do czasu, gdy w pe\u0142ni b\u0119d\u0119 na niego gotowa. Wyjechali\u015bmy wraz z moim partnerem i dw\u00f3jk\u0105 przyjaci\u00f3\u0142 na Sri Lank\u0119. Podr\u00f3\u017c zorganizowali\u015bmy sami, spali\u015bmy w lokalnych <em>guest housach<\/em> i przemieszczali\u015bmy si\u0119 lokaln\u0105 komunikacj\u0105. Dzi\u0119ki temu mia\u0142am mo\u017cliwo\u015b\u0107 do\u015bwiadczy\u0107 tamtejszej kultury w stu procentach. Lankijczycy to bardzo pogodni ludzie, ka\u017cdy u\u015bmiech jest odwzajemniony, czu\u0107 ogrom sympatii na ka\u017cdym kroku. Wszyscy s\u0105 przemili i zawsze ch\u0119tni do pomocy. Tam \u015bwiat jakby zatrzyma\u0142 si\u0119, nikt nie p\u0119dzi, ka\u017cdy ma czas. Na obiady w restauracji czeka si\u0119 czasem bardzo d\u0142ugo, bo s\u0105 przygotowywane na \u015bwie\u017co w ma\u0142ej restauracji prowadzonej przez lankijsk\u0105 rodzin\u0119. Wydaje mi si\u0119, \u017ce ich warto\u015bci zbli\u017cone s\u0105 to tego czego ucz\u0119 si\u0119 na Programie Dwunastu Krok\u00f3w i co obecnie wprowadzam w swoje \u017cycie. Czu\u0142am si\u0119 tam wspaniale, m\u00f3j partner nie wzi\u0105\u0142 ze sob\u0105 telefonu, co by\u0142o idealn\u0105 okazj\u0105, abym i ja nie u\u017cywa\u0142a go za cz\u0119sto. Dzi\u0119ki temu mog\u0142am skupi\u0107 si\u0119 ca\u0142kowicie na pi\u0119knej przyrodzie i by\u0107 tu i teraz. Odwiedzili\u015bmy kilka buddyjskich \u015bwi\u0105ty\u0144. Pierwsze s\u0142owo, kt\u00f3re przychodzi mi do g\u0142owy jak o nich pomy\u015bl\u0119 to spok\u00f3j. S\u0105 \u015bwietn\u0105 p\u0142aszczyzn\u0105 do zatrzymania si\u0119 i refleksji. Przyroda tam to co\u015b niesamowitego. Mieli\u015bmy okazj\u0119 jecha\u0107 poci\u0105giem jad\u0105cym przez plantacje herbaty. Drzwi otwarte, poci\u0105g jedzie max 40km\/h, a ja siedz\u0119 w drzwiach poci\u0105gu i obserwuj\u0119 widoki. Dodatkowo dwa razy uda\u0142o mi si\u0119 wsta\u0107 na wsch\u00f3d s\u0142o\u0144ca, pobudka o 4:30 nie stanowi\u0142a problemu. Kiedy\u015b nie zd\u0105\u017cy\u0142abym pewnie jeszcze wr\u00f3ci\u0107 z imprezy.<\/p>\n<p style=\"text-align: justify;\">Jestem ogromnie wdzi\u0119czna za ka\u017cd\u0105 chwil\u0119 i do\u015bwiadczenie, kt\u00f3re prze\u017cy\u0142am. Za \u0142zy wzruszenia, za \u017cycie, kt\u00f3re mam obecnie i za miejsce, w kt\u00f3rym jestem. Dzi\u0119ki zdrowieniu w moim podr\u00f3\u017cowaniu nast\u0105pi\u0142o wiele zmian. Mam zupe\u0142nie inne warto\u015bci. Teraz mog\u0119 powiedzie\u0107, \u017ce faktycznie ujrza\u0142am miejsca, w kt\u00f3rych by\u0142am. Na w\u0142asne oczy, a nie przez ekran telefonu robi\u0105c kilka zdj\u0119\u0107 pasuj\u0105cych do konta na instagramie. Czu\u0142am, obserwowa\u0142am, dotyka\u0142am i trwa\u0142am w tym. Zdj\u0119cia s\u0105 mi\u0142\u0105 pami\u0105tk\u0105, ale zdecydowanie by\u0142y teraz tylko dodatkiem, a nie priorytetem. No i chyba najwa\u017cniejsza dla mnie rzecz, chcia\u0142am wr\u00f3ci\u0107 do domu, gdy nast\u0105pi\u0142 ju\u017c czas powrotu. Jest to dla mnie idealny przyk\u0142ad tego, \u017ce \u017cyj\u0119 w\u0142a\u015bnie dzisiaj. Wyjazd si\u0119 sko\u0144czy\u0142, a moje \u017cycie trwa dalej i nadal dzi\u0119kuj\u0119 za ka\u017cdy dzie\u0144 niezale\u017cnie od miejsca, w kt\u00f3rym si\u0119 znajduje.<\/p>\n<p style=\"text-align: right;\"><strong>Wiktoria, <\/strong>zdrowiej\u0105ca uzale\u017cniona. &#x1f340;<\/p>\n","protected":false},"excerpt":{"rendered":"<p>Podr\u00f3\u017ce zawsze by\u0142y wa\u017cn\u0105 cz\u0119\u015bci\u0105 mojego \u017cycia. Paradoksalnie w ostatnim roku swojego czynnego uzale\u017cnienia na wakacje wyje\u017cd\u017ca\u0142am co dwa miesi\u0105ce, niestety wi\u0119kszo\u015b\u0107 wyjazd\u00f3w mam wyci\u0119tych z pami\u0119ci. Kiedy\u015b podr\u00f3\u017ce by\u0142y ucieczk\u0105 od \u017cycia, kt\u00f3re prowadzi\u0142am i dawa\u0142y z\u0142udne poczucie, \u017ce sobie radz\u0119. Patrz\u0105c z perspektywy czasu podr\u00f3\u017c by\u0142a &#8222;dodatkiem&#8221;. Zwyk\u0142a chwilowa zmiana miejsca, w kt\u00f3rym&#8230;<\/p>\n","protected":false},"author":1,"featured_media":1719,"comment_status":"open","ping_status":"open","sticky":false,"template":"","format":"standard","meta":{"om_disable_all_campaigns":false,"_monsterinsights_skip_tracking":false,"_monsterinsights_sitenote_active":false,"_monsterinsights_sitenote_note":"","_monsterinsights_sitenote_category":0,"jetpack_post_was_ever_published":false,"_jetpack_newsletter_access":"","_jetpack_dont_email_post_to_subs":false,"_jetpack_newsletter_tier_id":0,"_jetpack_memberships_contains_paywalled_content":false,"_jetpack_memberships_contains_paid_content":false,"footnotes":"","jetpack_publicize_message":"","jetpack_publicize_feature_enabled":true,"jetpack_social_post_already_shared":true,"jetpack_social_options":{"image_generator_settings":{"template":"highway","default_image_id":0,"font":"","enabled":false},"version":2}},"categories":[10,304,12,15],"tags":[16,24,44,305,140,192,198,201,224],"class_list":["post-1716","post","type-post","status-publish","format-standard","has-post-thumbnail","hentry","category-historia-osobista","category-kroki-2","category-relacje","category-zasada-duchowa","tag-16","tag-anonimowinarkomani","tag-dary","tag-podroze","tag-program","tag-tuiteraz","tag-uzaleznienie","tag-wdziecznosc","tag-zdrowienie"],"aioseo_notices":[],"jetpack_publicize_connections":[],"jetpack_featured_media_url":"https:\/\/i0.wp.com\/dwunasty.blog\/wp-content\/uploads\/2024\/03\/DSCN4908-1-scaled.jpg?fit=2560%2C1920&ssl=1","jetpack-related-posts":[],"jetpack_sharing_enabled":true,"_links":{"self":[{"href":"https:\/\/dwunasty.blog\/index.php?rest_route=\/wp\/v2\/posts\/1716","targetHints":{"allow":["GET"]}}],"collection":[{"href":"https:\/\/dwunasty.blog\/index.php?rest_route=\/wp\/v2\/posts"}],"about":[{"href":"https:\/\/dwunasty.blog\/index.php?rest_route=\/wp\/v2\/types\/post"}],"author":[{"embeddable":true,"href":"https:\/\/dwunasty.blog\/index.php?rest_route=\/wp\/v2\/users\/1"}],"replies":[{"embeddable":true,"href":"https:\/\/dwunasty.blog\/index.php?rest_route=%2Fwp%2Fv2%2Fcomments&post=1716"}],"version-history":[{"count":2,"href":"https:\/\/dwunasty.blog\/index.php?rest_route=\/wp\/v2\/posts\/1716\/revisions"}],"predecessor-version":[{"id":1747,"href":"https:\/\/dwunasty.blog\/index.php?rest_route=\/wp\/v2\/posts\/1716\/revisions\/1747"}],"wp:featuredmedia":[{"embeddable":true,"href":"https:\/\/dwunasty.blog\/index.php?rest_route=\/wp\/v2\/media\/1719"}],"wp:attachment":[{"href":"https:\/\/dwunasty.blog\/index.php?rest_route=%2Fwp%2Fv2%2Fmedia&parent=1716"}],"wp:term":[{"taxonomy":"category","embeddable":true,"href":"https:\/\/dwunasty.blog\/index.php?rest_route=%2Fwp%2Fv2%2Fcategories&post=1716"},{"taxonomy":"post_tag","embeddable":true,"href":"https:\/\/dwunasty.blog\/index.php?rest_route=%2Fwp%2Fv2%2Ftags&post=1716"}],"curies":[{"name":"wp","href":"https:\/\/api.w.org\/{rel}","templated":true}]}}