{"id":1172,"date":"2023-10-01T11:16:57","date_gmt":"2023-10-01T09:16:57","guid":{"rendered":"https:\/\/dwunasty.blog\/?p=1172"},"modified":"2024-03-02T20:04:16","modified_gmt":"2024-03-02T20:04:16","slug":"historia-osobista-3","status":"publish","type":"post","link":"https:\/\/dwunasty.blog\/?p=1172","title":{"rendered":"Historia osobista"},"content":{"rendered":"\r\n<p class=\"has-text-align-justify\" style=\"text-align: justify;\">Nazywam si\u0119\u00a0Magda, mam 38 lat i jestem uzale\u017cniona. Jestem ponad 6 lat czysta.<\/p>\r\n\r\n\r\n\r\n<p class=\"has-text-align-justify\" style=\"text-align: justify;\">Do Wsp\u00f3lnoty NA przyjmowano mnie w 2017 roku. Ale nie mog\u0142am si\u0119 tam wtedy odnale\u017a\u0107. Cz\u0119sto s\u0142ysza\u0142am, \u017ce \u0142ami\u0105 czysto\u015b\u0107. Ja, cho\u0107 nie raz mia\u0142am takie g\u0142ody, \u017ce chodzi\u0142am po \u015bcianach, ci\u0105gle by\u0142am czysta. Czu\u0142am si\u0119 lepsza od nich. I to mnie gubi\u0142o. Wtedy wi\u0119cej mnie by\u0142o w siostrzanej Wsp\u00f3lnocie, pomimo \u017ce nie czu\u0142am przynale\u017cno\u015bci. By\u0142am tam po to by nie wr\u00f3ci\u0107 do czynnego uzale\u017cnienia. G\u0142\u00f3wnie nios\u0142am pos\u0142anie do wi\u0119zie\u0144. To mnie ratowa\u0142o na tamten moment.<\/p>\r\n\r\n\r\n\r\n<p class=\"has-text-align-justify\" style=\"text-align: justify;\">Ale z roku na rok by\u0142o coraz gorzej. Terapia DDA, w kt\u00f3rej wtedy by\u0142am uwalnia\u0142a mnie od traum, ale nie dawa\u0142a ulgi jakiej szuka\u0142am. Nie mia\u0142am te\u017c spokoju ani rado\u015bci. Swoje dno osi\u0105gn\u0119\u0142am na czysto &#8211; dno emocjonalne. Chyba gorzej czu\u0107 si\u0119 ju\u017c nie mog\u0142am. Wr\u00f3ci\u0142y my\u015bli samob\u00f3jcze, no i zacz\u0119\u0142am planowa\u0107 \u0107panie.\u00a0 Na tamten moment pracowa\u0142am du\u017co godzin, wi\u0119c nikt by nie zauwa\u017cy\u0142 gdybym co\u015b za\u017cy\u0142a. Tak podpowiada\u0142a mi wtedy g\u0142owa. Nie radzi\u0142am sobie z emocjami, wszystko by\u0142o na g\u0142owie mojego partnera. Ledwo ogarnia\u0142am podstawowe obowi\u0105zki. Resztkami si\u0142 wstawa\u0142am z \u0142\u00f3\u017cka. \u017by\u0142am w nieustannym l\u0119ku. Z podkulonym ogonem wr\u00f3ci\u0142am do NA, bo tylko te mityngi mi pomaga\u0142y i wyprowadza\u0142y mnie z <em>nawrotu<\/em>. Od partnera dosta\u0142am link na grup\u0119 <a href=\"https:\/\/discord.gg\/KsqD6AvN8k\" target=\"_blank\" rel=\"noopener\">PoranNA<\/a>, kt\u00f3re odbywa\u0142y si\u0119 codziennie. Zacz\u0119\u0142am s\u0142ucha\u0107 tych ludzi i zacz\u0119\u0142am s\u0142ysze\u0107, \u017ce oni m\u00f3wi\u0105 o moich jazdach w g\u0142owie. Do tej pory my\u015bla\u0142am, \u017ce tylko ja tak mam. Us\u0142ysza\u0142am, \u017ce pisz\u0105 jaki\u015b Program i \u017ce im pomaga. Pami\u0119tam, \u017ce by\u0142am tamtego dnia w pracy, usiad\u0142am na parapecie i p\u0142aka\u0142am. Nie wiedzia\u0142am co mam ze sob\u0105 pocz\u0105\u0107. Postanowi\u0142am znale\u017a\u0107 Sponsork\u0119 i zacz\u0105\u0107 pisa\u0107 Kroki. Powiedzia\u0142am wtedy sobie, \u017ce je\u015bli to mi nie pomo\u017ce, rzuc\u0119 wtedy to wszystko i p\u00f3jd\u0119 \u0107pa\u0107. Zacz\u0119\u0142am przegl\u0105da\u0107 zak\u0142adk\u0119 z osobami, kt\u00f3re Sponsoruj\u0105. Przesuwa\u0142am zdj\u0119cia i jedno \u015bwieci\u0142o mi si\u0119 ja\u015bniej. Napisa\u0142am do tej dziewczyny i opowiedzia\u0142am jej wszystko. Zgodzi\u0142a si\u0119 wzi\u0105\u0107 mnie pod swoje skrzyd\u0142a.<\/p>\r\n\r\n\r\n\r\n<p class=\"has-text-align-justify\" style=\"text-align: justify;\">11.11.2021 roku zacz\u0119\u0142am pisa\u0107 Pierwszy Krok. By\u0142am pod ogromnym wra\u017ceniem tego co tam odkrywa\u0142am. \u017be to jest choroba to co dzieje si\u0119 ze mn\u0105. Podczas pisania przyk\u0142ad\u00f3w zacz\u0119\u0142am widzie\u0107 jak ona mi si\u0119 przejawia, pomimo \u017ce nie za\u017cywam. Ta prawda by\u0142a okrutna, ale mia\u0142am gotowo\u015b\u0107 by j\u0105 przyjmowa\u0107. Na tym kroku przysz\u0142a te\u017c mi\u0142o\u015b\u0107 do siebie samej i \u0142agodno\u015b\u0107. Przesta\u0142am biczowa\u0107 si\u0119 za to moje \u017cycie. Pojawi\u0142a si\u0119 akceptacja. Zacz\u0119\u0142am m\u00f3wi\u0107 do siebie dobrze. Zacz\u0119\u0142am si\u0119 przytula\u0107 i m\u00f3wi\u0107 sobie, \u017ce si\u0119 kocham.\u00a0 By\u0142am zaskoczona tym jak to dzia\u0142a na mnie. Mam rado\u015b\u0107 do \u017cycia i ogromn\u0105 wdzi\u0119czno\u015b\u0107, \u017ce by\u0142o mi dane zdrowie\u0107, odkrywa\u0107 siebie. I dzieli\u0107 si\u0119 tym dalej. NA uratowa\u0142o mi \u017cycie. Pisz\u0119 program prawie 2 lata. Obecnie jestem na Czwartym Kroku. Bywaj\u0105 trudne dni, ale nie jestem ju\u017c sama. Mam Was.\u00a0<\/p>\r\n\r\n\r\n\r\n<p style=\"text-align: right;\">Wdzi\u0119czna.<\/p>\r\n\r\n\r\n\r\n<p class=\"has-text-align-right\" style=\"text-align: right;\"><strong>Magda,<\/strong> zdrowiej\u0105ca uzale\u017cniona<strong>. <\/strong>&#x1f340;<\/p>\r\n","protected":false},"excerpt":{"rendered":"<p>Nazywam si\u0119\u00a0Magda, mam 38 lat i jestem uzale\u017cniona. Jestem ponad 6 lat czysta. Do Wsp\u00f3lnoty NA przyjmowano mnie w 2017 roku. Ale nie mog\u0142am si\u0119 tam wtedy odnale\u017a\u0107. Cz\u0119sto s\u0142ysza\u0142am, \u017ce \u0142ami\u0105 czysto\u015b\u0107. Ja, cho\u0107 nie raz mia\u0142am takie g\u0142ody, \u017ce chodzi\u0142am po \u015bcianach, ci\u0105gle by\u0142am czysta. Czu\u0142am si\u0119 lepsza od nich. I to mnie&#8230;<\/p>\n","protected":false},"author":1,"featured_media":1174,"comment_status":"open","ping_status":"open","sticky":false,"template":"","format":"standard","meta":{"om_disable_all_campaigns":false,"_monsterinsights_skip_tracking":false,"_monsterinsights_sitenote_active":false,"_monsterinsights_sitenote_note":"","_monsterinsights_sitenote_category":0,"jetpack_post_was_ever_published":false,"_jetpack_newsletter_access":"","_jetpack_dont_email_post_to_subs":false,"_jetpack_newsletter_tier_id":0,"_jetpack_memberships_contains_paywalled_content":false,"_jetpack_memberships_contains_paid_content":false,"footnotes":"","jetpack_publicize_message":"","jetpack_publicize_feature_enabled":true,"jetpack_social_post_already_shared":false,"jetpack_social_options":{"image_generator_settings":{"template":"highway","default_image_id":0,"font":"","enabled":false},"version":2}},"categories":[5,10,12],"tags":[16,104,108,140,198,224,254],"class_list":["post-1172","post","type-post","status-publish","format-standard","has-post-thumbnail","hentry","category-kroki","category-historia-osobista","category-relacje","tag-16","tag-mitingi","tag-na","tag-program","tag-uzaleznienie","tag-zdrowienie","tag-krok-1"],"aioseo_notices":[],"jetpack_publicize_connections":[],"jetpack_featured_media_url":"https:\/\/i0.wp.com\/dwunasty.blog\/wp-content\/uploads\/2023\/10\/lake-696098_1280.jpg?fit=600%2C398&ssl=1","jetpack-related-posts":[],"jetpack_sharing_enabled":true,"_links":{"self":[{"href":"https:\/\/dwunasty.blog\/index.php?rest_route=\/wp\/v2\/posts\/1172","targetHints":{"allow":["GET"]}}],"collection":[{"href":"https:\/\/dwunasty.blog\/index.php?rest_route=\/wp\/v2\/posts"}],"about":[{"href":"https:\/\/dwunasty.blog\/index.php?rest_route=\/wp\/v2\/types\/post"}],"author":[{"embeddable":true,"href":"https:\/\/dwunasty.blog\/index.php?rest_route=\/wp\/v2\/users\/1"}],"replies":[{"embeddable":true,"href":"https:\/\/dwunasty.blog\/index.php?rest_route=%2Fwp%2Fv2%2Fcomments&post=1172"}],"version-history":[{"count":2,"href":"https:\/\/dwunasty.blog\/index.php?rest_route=\/wp\/v2\/posts\/1172\/revisions"}],"predecessor-version":[{"id":1575,"href":"https:\/\/dwunasty.blog\/index.php?rest_route=\/wp\/v2\/posts\/1172\/revisions\/1575"}],"wp:featuredmedia":[{"embeddable":true,"href":"https:\/\/dwunasty.blog\/index.php?rest_route=\/wp\/v2\/media\/1174"}],"wp:attachment":[{"href":"https:\/\/dwunasty.blog\/index.php?rest_route=%2Fwp%2Fv2%2Fmedia&parent=1172"}],"wp:term":[{"taxonomy":"category","embeddable":true,"href":"https:\/\/dwunasty.blog\/index.php?rest_route=%2Fwp%2Fv2%2Fcategories&post=1172"},{"taxonomy":"post_tag","embeddable":true,"href":"https:\/\/dwunasty.blog\/index.php?rest_route=%2Fwp%2Fv2%2Ftags&post=1172"}],"curies":[{"name":"wp","href":"https:\/\/api.w.org\/{rel}","templated":true}]}}