{"id":1026,"date":"2023-03-09T17:16:52","date_gmt":"2023-03-09T16:16:52","guid":{"rendered":"https:\/\/dwunasty.blog\/?p=1026"},"modified":"2024-03-02T20:20:57","modified_gmt":"2024-03-02T20:20:57","slug":"mlodzi-w-na","status":"publish","type":"post","link":"https:\/\/dwunasty.blog\/?p=1026","title":{"rendered":"M\u0142odzi w NA"},"content":{"rendered":"\r\n<p class=\"has-text-align-justify\" style=\"text-align: justify;\">Cze\u015b\u0107, mam na imi\u0119 Aureliusz i mam 21 lat. Swoj\u0105 przygod\u0119 ze zdrowieniem zacz\u0105\u0142em 20 wrze\u015bnia 2021 roku, kiedy w ko\u0144cu da\u0142em sobie pom\u00f3c i poszed\u0142em na odwyk. Nie my\u015bla\u0142em wtedy nawet o tym, \u017ce mog\u0119 \u017cy\u0107 bez narkotyk\u00f3w. Czu\u0142em si\u0119 po prostu na tyle pokonany i bezsilny, \u017ce zgodzi\u0142em si\u0119 na propozycj\u0119 rodzic\u00f3w i poszed\u0142em do o\u015brodka. Kilka dni wcze\u015bniej jeszcze nie wiedz\u0105c o tym, \u017ce moi rodzice szukaj\u0105 dla mnie pomocy mia\u0142em pr\u00f3b\u0119 samob\u00f3jcz\u0105.<\/p>\r\n\r\n\r\n\r\n<p class=\"has-text-align-justify\" style=\"text-align: justify;\">\u017by\u0142em wtedy w ca\u0142kowitym amoku, bra\u0142em wszystkie substancje, kt\u00f3re tylko wpad\u0142y mi w r\u0119ce, \u017ceby chocia\u017c na chwil\u0119 uciec od swoich emocji. Nienawidzi\u0142em siebie i nie chcia\u0142em \u017cy\u0107. Pierwszy tydzie\u0144 na odwyku pami\u0119tam jak przez mg\u0142\u0119. Mia\u0142em tam by\u0107 tylko czterna\u015bcie dni, jednak trafi\u0142em na ciep\u0142ych, empatycznych ludzi, kt\u00f3rzy okazali mi ogromne wsparcie i przekonywali mnie, \u017ce powinienem zosta\u0107 jeszcze na miesi\u0119cznej terapii zamkni\u0119tej. Byli to zar\u00f3wno terapeuci, jak i personel. Wiele z tych os\u00f3b by\u0142o r\u00f3wnie\u017c uzale\u017cnionych. Na pocz\u0105tku kwestionowa\u0142em ich rady i uznawa\u0142em, \u017ce wiem lepiej, i \u017ce poradz\u0119 sobie sam. Teraz jestem im ogromnie wdzi\u0119czny, bo mam \u015bwiadomo\u015b\u0107, \u017ce gdyby nie ich do\u015bwiadczenia i narz\u0119dzia, kt\u00f3re pozna\u0142em przez ten miesi\u0105c terapii, nie wyrobi\u0142bym w sobie gotowo\u015bci i przede wszystkim ch\u0119ci do \u017cycia w czysto\u015bci. Nie wiedzia\u0142bym po prostu co robi\u0107.\u00a0<\/p>\r\n\r\n\r\n\r\n<p style=\"text-align: justify;\">Swoje dwudzieste urodziny sp\u0119dzi\u0142em na odwyku.\u00a0<\/p>\r\n\r\n\r\n\r\n<p style=\"text-align: justify;\">Wracaj\u0105c do domu by\u0142em czysty od 6 tygodni, co by\u0142o moim najd\u0142u\u017cszym okresem czysto\u015bci, odk\u0105d pierwszy raz spr\u00f3bowa\u0142em narkotyk\u00f3w.\u00a0<\/p>\r\n\r\n\r\n\r\n<p class=\"has-text-align-justify\" style=\"text-align: justify;\">Czu\u0142em, \u017ce si\u0119 da. Czu\u0142em, \u017ce mog\u0119 \u017cy\u0107 bez \u0107pania, i \u017ce tego chc\u0119. Nie wiedzia\u0142em jednak w og\u00f3le kim jestem. By\u0142em nieprzystosowany do \u017cycia w spo\u0142ecze\u0144stwie, a we mnie by\u0142o wci\u0105\u017c wiele buntu.\u00a0<\/p>\r\n\r\n\r\n\r\n<p class=\"has-text-align-justify\" style=\"text-align: justify;\">Zna\u0142em zalecenia terapeutyczne o odci\u0119ciu si\u0119 od starych znajomych z kt\u00f3rymi za\u017cywa\u0142em. Ba\u0142em si\u0119 jednak, \u017ce w ich oczach b\u0119d\u0119 s\u0142aby. Chcia\u0142em im udowodni\u0107, \u017ce dalej mog\u0119 chodzi\u0107 z nimi na imprezy, na kt\u00f3rych s\u0105 substancje psychoaktywne i wci\u0105\u017c by\u0107 fajnym Aureliuszem na trze\u017awo.\u00a0<\/p>\r\n\r\n\r\n\r\n<p class=\"has-text-align-justify\" style=\"text-align: justify;\">Przez kilka miesi\u0119cy utrzymywa\u0142em wci\u0105\u017c z nimi kontakt, jednak coraz bardziej czu\u0142em, \u017ce to nie jest towarzystwo dla mnie. Na szcz\u0119\u015bcie to testowanie swoich mo\u017cliwo\u015bci nie sko\u0144czy\u0142o si\u0119 dla mnie z\u0142amaniem abstynencji, chocia\u017c po ka\u017cdej takiej imprezie mia\u0142em g\u0142ody i czu\u0142em si\u0119 \u017ale. W ko\u0144cu zrozumia\u0142em, \u017ce nie musz\u0119 nic nikomu udowadnia\u0107. Odkry\u0142em, \u017ce mog\u0119 tworzy\u0107 bardziej warto\u015bciowe relacje z trze\u017awymi lud\u017ami.<\/p>\r\n\r\n\r\n\r\n<p class=\"has-text-align-justify\" style=\"text-align: justify;\">Po odwyku wr\u00f3ci\u0142em na studia, jednak tam nie do ko\u0144ca potrafi\u0142em si\u0119 odnale\u017a\u0107 i otworzy\u0107 przed lud\u017ami.\u00a0<\/p>\r\n\r\n\r\n\r\n<p class=\"has-text-align-justify\" style=\"text-align: justify;\">Na szcz\u0119\u015bcie ju\u017c, kiedy by\u0142em na detoksie zabrano mnie na miting NA. Wiedzia\u0142em, \u017ce kiedy wr\u00f3c\u0119 do Krakowa na studia b\u0119d\u0119 mia\u0142 si\u0119 czego z\u0142apa\u0107. Wiedzia\u0142em, \u017ce b\u0119dzie tam grupa ludzi, kt\u00f3rzy mnie zrozumiej\u0105.\u00a0<\/p>\r\n\r\n\r\n\r\n<p class=\"has-text-align-justify\" style=\"text-align: justify;\">W\u0142a\u015bnie chodz\u0105c na mitingi ugruntowa\u0142em mocno swoj\u0105 trze\u017awo\u015b\u0107 i dzi\u0119ki temu, \u017ce pozna\u0142em tam osoby d\u0142u\u017cej ode mnie trze\u017awe, od kt\u00f3rych dosta\u0142em wsparcie oraz cenne do\u015bwiadczenie stopniowo uczy\u0142em si\u0119 pokory i akceptacji samego siebie.\u00a0Kontakt z innymi zdrowiej\u0105cymi uzale\u017cnionymi da\u0142 mi nadziej\u0119 i pokaza\u0142, \u017ce mo\u017cna \u017cy\u0107 w trze\u017awo\u015bci.\u00a0Nie zna\u0142em w tamtym momencie jednak zbyt wielu m\u0142odych, trze\u017awych ludzi.\u00a0<\/p>\r\n\r\n\r\n\r\n<p class=\"has-text-align-justify\" style=\"text-align: justify;\">Od zawsze atrakcyjne by\u0142o dla mnie poczucie wyj\u0105tkowo\u015bci. Po to te\u017c mi\u0119dzy innymi bra\u0142em narkotyki. Wtedy jednak uzna\u0142em, \u017ce bardziej wyj\u0105tkowy b\u0119d\u0119 nie pij\u0105c i nie \u0107pajac w tym wieku, co odr\u00f3\u017cni mnie od wi\u0119kszo\u015bci r\u00f3wie\u015bnik\u00f3w. Nie by\u0142o to najzdrowsze podej\u015bcie, jednak na tamten moment nie umia\u0142em inaczej i by\u0142o to dla mnie pomocne. Obecnie staram si\u0119 jak najbardziej ucieka\u0107 od nastawienia, \u017ce jestem od kogo\u015b lepszy. Mam przekonanie, \u017ce ka\u017cdy ma swoj\u0105 drog\u0119 i nie jestem od oceniania decyzji innych, a ka\u017cdy cz\u0142owiek jest w jaki\u015b spos\u00f3b wyj\u0105tkowy.\u00a0<\/p>\r\n\r\n\r\n\r\n<p class=\"has-text-align-justify\" style=\"text-align: justify;\">Prze\u0142omem mojego zdrowienia by\u0142 wyjazd na og\u00f3lnopolski zlot NA. Na pocz\u0105tku nie by\u0142em co do tego przekonany. L\u0119k przed nieznanym powstrzymywa\u0142 mnie przed tym, jednak dzi\u0119ki temu, \u017ce zna\u0142em ju\u017c bardziej do\u015bwiadczone osoby z krakowskiego NA i czu\u0142em si\u0119 z nimi bezpiecznie zdecydowa\u0142em si\u0119 pojecha\u0107. Tam pozna\u0142em grup\u0119 os\u00f3b z r\u00f3\u017cnych miast w moim wieku, kt\u00f3rzy zdrowiej\u0105 d\u0142u\u017cej ode mnie. Spotkanie tych ludzi pokaza\u0142o mi, \u017ce id\u0119 dobra drog\u0105. Zrozumia\u0142em, \u017ce w ka\u017cdym wieku mo\u017cna by\u0107 uzale\u017cnionym i w ka\u017cdym wieku mo\u017cna zmieni\u0107 swoje \u017cycie na lepsze oraz poszerza\u0107 \u015bwiadomo\u015b\u0107 na temat swoich emocji i mechanizm\u00f3w.\u00a0<\/p>\r\n\r\n\r\n\r\n<p class=\"has-text-align-justify\" style=\"text-align: justify;\">20 marca tego roku b\u0119d\u0119 mia\u0142 18 miesi\u0119cy czysto\u015bci. Przez ten czas w moim \u017cyciu zmieni\u0142o si\u0119 praktycznie wszystko. Mam wra\u017cenie, jakbym dosta\u0142 drugie \u017cycie. Dzi\u0119ki mitingom, relacjom we Wsp\u00f3lnocie, Programowi Dwunastu Krok\u00f3w, s\u0142u\u017cbom oraz terapii czuj\u0119 si\u0119 coraz bardziej odpowiedzialnym i warto\u015bciowym cz\u0142onkiem spo\u0142ecze\u0144stwa. Rozwijam w sobie pokor\u0119 i otwarty umys\u0142. Mimo, \u017ce wci\u0105\u017c w otaczaj\u0105cym mnie \u015bwiecie wiele rzeczy mi si\u0119 nie podoba. Dzi\u0119ki tym wszystkim narz\u0119dziom mam w sobie wi\u0119cej akceptacji i zrozumienia tego, \u017ce niekt\u00f3rych rzeczy (jak np. tego, \u017ce jestem uzale\u017cniony) nie mog\u0119 zmieni\u0107.\u00a0<\/p>\r\n\r\n\r\n\r\n<p class=\"has-text-align-justify\" style=\"text-align: justify;\">Mam w sobie ogromn\u0105 wdzi\u0119czno\u015b\u0107 za ludzi, kt\u00f3rych spotka\u0142em na swojej drodze, bo wiem, \u017ce bez nich na pewno nie by\u0142bym tu gdzie teraz jestem. Wiem, \u017ce w czynnym uzale\u017cnieniu by\u0142em zamkni\u0119ty w sobie, moja samoocena by\u0142a na dnie i nie mia\u0142em do niczego motywacji. Teraz mog\u0119 pracowa\u0107 nad sob\u0105, rozwija\u0107 siebie i swoje zajawki. Dzi\u0119ki trze\u017awo\u015bci np. pozna\u0142em Dominika z kt\u00f3rym ostatnio nakr\u0119cili\u015bmy film o <a href=\"https:\/\/www.instagram.com\/modl_sie_za_mnie\/\" target=\"_blank\" rel=\"noopener\">uzale\u017cnieniu<\/a>, w kt\u00f3rym zagra\u0142em. Nigdy nawet o tym nie marzy\u0142em, cho\u0107 od zawsze kino mnie fascynowa\u0142o. Ciesz\u0119 si\u0119, \u017ce mia\u0142em t\u0105 mo\u017cliwo\u015b\u0107 i chyba te\u017c odwag\u0119, \u017ceby w do\u015b\u0107 m\u0142ody wieku zatrzyma\u0107 swoje uzale\u017cnienie i wej\u015b\u0107 w doros\u0142o\u015b\u0107 na czysto. Prze\u017cywam teraz ca\u0142y wachlarz swoich emocji, nawet tych nieprzyjemnych \u015bwiadomie i doceniam \u017cycie jakie mam.<\/p>\r\n\r\n\r\n\r\n<p class=\"has-text-align-right\" style=\"text-align: right;\"><strong>Aureliusz<\/strong>, zdrowiej\u0105cy uzale\u017cniony. &#x1f340;<\/p>\r\n","protected":false},"excerpt":{"rendered":"<p>Cze\u015b\u0107, mam na imi\u0119 Aureliusz i mam 21 lat. Swoj\u0105 przygod\u0119 ze zdrowieniem zacz\u0105\u0142em 20 wrze\u015bnia 2021 roku, kiedy w ko\u0144cu da\u0142em sobie pom\u00f3c i poszed\u0142em na odwyk. Nie my\u015bla\u0142em wtedy nawet o tym, \u017ce mog\u0119 \u017cy\u0107 bez narkotyk\u00f3w. Czu\u0142em si\u0119 po prostu na tyle pokonany i bezsilny, \u017ce zgodzi\u0142em si\u0119 na propozycj\u0119 rodzic\u00f3w i poszed\u0142em do o\u015brodka. Kilka dni wcze\u015bniej jeszcze nie wiedz\u0105c o tym, \u017ce moi rodzice szukaj\u0105 dla mnie pomocy mia\u0142em pr\u00f3b\u0119 samob\u00f3jcz\u0105.<\/p>\n<p>y\u0142em wtedy w ca\u0142kowitym amoku, bra\u0142em wszystkie substancje, kt\u00f3re tylko wpad\u0142y mi w r\u0119ce, \u017ceby chocia\u017c na chwil\u0119 uciec od swoich emocji. Nienawidzi\u0142em siebie i nie chcia\u0142em \u017cy\u0107. Pierwszy tydzie\u0144 na odwyku pami\u0119tam jak przez mg\u0142\u0119.<\/p>\n","protected":false},"author":1,"featured_media":1030,"comment_status":"open","ping_status":"open","sticky":false,"template":"","format":"standard","meta":{"om_disable_all_campaigns":false,"_monsterinsights_skip_tracking":false,"_monsterinsights_sitenote_active":false,"_monsterinsights_sitenote_note":"","_monsterinsights_sitenote_category":0,"jetpack_post_was_ever_published":false,"_jetpack_newsletter_access":"","_jetpack_dont_email_post_to_subs":false,"_jetpack_newsletter_tier_id":0,"_jetpack_memberships_contains_paywalled_content":false,"_jetpack_memberships_contains_paid_content":false,"footnotes":"","jetpack_publicize_message":"","jetpack_publicize_feature_enabled":true,"jetpack_social_post_already_shared":false,"jetpack_social_options":{"image_generator_settings":{"template":"highway","default_image_id":0,"font":"","enabled":false},"version":2}},"categories":[8,10,12],"tags":[16,108,198,224,264],"class_list":["post-1026","post","type-post","status-publish","format-standard","has-post-thumbnail","hentry","category-sluzba","category-historia-osobista","category-relacje","tag-16","tag-na","tag-uzaleznienie","tag-zdrowienie","tag-mlodzi"],"aioseo_notices":[],"jetpack_publicize_connections":[],"jetpack_featured_media_url":"https:\/\/i0.wp.com\/dwunasty.blog\/wp-content\/uploads\/2023\/03\/f315bdbb40888accfa44a226d98d.jpg?fit=400%2C412&ssl=1","jetpack-related-posts":[],"jetpack_sharing_enabled":true,"_links":{"self":[{"href":"https:\/\/dwunasty.blog\/index.php?rest_route=\/wp\/v2\/posts\/1026","targetHints":{"allow":["GET"]}}],"collection":[{"href":"https:\/\/dwunasty.blog\/index.php?rest_route=\/wp\/v2\/posts"}],"about":[{"href":"https:\/\/dwunasty.blog\/index.php?rest_route=\/wp\/v2\/types\/post"}],"author":[{"embeddable":true,"href":"https:\/\/dwunasty.blog\/index.php?rest_route=\/wp\/v2\/users\/1"}],"replies":[{"embeddable":true,"href":"https:\/\/dwunasty.blog\/index.php?rest_route=%2Fwp%2Fv2%2Fcomments&post=1026"}],"version-history":[{"count":1,"href":"https:\/\/dwunasty.blog\/index.php?rest_route=\/wp\/v2\/posts\/1026\/revisions"}],"predecessor-version":[{"id":1580,"href":"https:\/\/dwunasty.blog\/index.php?rest_route=\/wp\/v2\/posts\/1026\/revisions\/1580"}],"wp:featuredmedia":[{"embeddable":true,"href":"https:\/\/dwunasty.blog\/index.php?rest_route=\/wp\/v2\/media\/1030"}],"wp:attachment":[{"href":"https:\/\/dwunasty.blog\/index.php?rest_route=%2Fwp%2Fv2%2Fmedia&parent=1026"}],"wp:term":[{"taxonomy":"category","embeddable":true,"href":"https:\/\/dwunasty.blog\/index.php?rest_route=%2Fwp%2Fv2%2Fcategories&post=1026"},{"taxonomy":"post_tag","embeddable":true,"href":"https:\/\/dwunasty.blog\/index.php?rest_route=%2Fwp%2Fv2%2Ftags&post=1026"}],"curies":[{"name":"wp","href":"https:\/\/api.w.org\/{rel}","templated":true}]}}